{"id":127,"date":"2019-07-11T07:08:51","date_gmt":"2019-07-11T10:08:51","guid":{"rendered":"https:\/\/neden.com.ar\/blog\/?p=127"},"modified":"2019-07-11T07:08:51","modified_gmt":"2019-07-11T10:08:51","slug":"por-que-no-compran-en-tu-tienda-fisicamedis-este-dato","status":"publish","type":"post","link":"https:\/\/neden.com.ar\/blog\/por-que-no-compran-en-tu-tienda-fisicamedis-este-dato\/","title":{"rendered":"\u00bfPor qu\u00e9 no compran en tu tienda f\u00edsica?\u00bfMed\u00eds este dato?"},"content":{"rendered":"<p>En visitas a las tiendas de mis clientes he observado varias causas, van algunas:<\/p>\n<p>&#x2705; Quiebre de stock, teniendo disponible en el dep\u00f3sito central.<\/p>\n<p>&#x2705; Dise\u00f1o de la indumentaria falta de control<\/p>\n<p>&#x2705; Nuevas formas de pago no disponibles<\/p>\n<p>&#x2705; Capacitaci\u00f3n comercial del personal como atender, asesorar y fidelizar<\/p>\n<p>&#x2705; Distracci\u00f3n del personal<\/p>\n<p>&#x2705; Precio fuera de rango de la percepci\u00f3n de valor de la marca y producto<\/p>\n<p>&#x2705; Exhibici\u00f3n de las prendas, los productos estrella, top o promocionados no son exhibidos de forma que resalten<\/p>\n<p>&#x2705; M\u00fasica inadecuada o a vol\u00famenes excesivos en relaci\u00f3n al p\u00fablico objetivo de la marca<\/p>\n<p>&#x2705; Falta de coordinaci\u00f3n entre lo publicado en redes sociales ofertas, prendas, promos y la informaci\u00f3n con la que cuenta la tienda, llegan los clientes y clientas y la tienda no tiene idea de lo publicado<\/p>\n<p>&#x2705; Falta de consulta al cliente que no compra, por ejemplo que buscaba y no encontr\u00f3, estaba mirando invitar a que siga mirando en las redes sociales, etc.<\/p>\n<p>&#x2705; No registrar y tratar de perfilar a los posibles clientes que ingresan a tu tienda y se fueron sin comprar En un cliente comenzamos a capturar esta informaci\u00f3n y los resultados fueron muy interesantes y se pudo accionar.<\/p>\n<p>&#x267b;&#xfe0f; A medir y que tengan buenas ventas.<\/p>\n","protected":false},"excerpt":{"rendered":"<p>En visitas a las tiendas de mis clientes he observado varias causas, van algunas: &#x2705; Quiebre de stock, teniendo disponible en el dep\u00f3sito central. &#x2705; Dise\u00f1o de la indumentaria falta de control &#x2705; Nuevas formas de pago no disponibles &#x2705; Capacitaci\u00f3n comercial del personal como atender, asesorar y fidelizar &#x2705; Distracci\u00f3n del personal &#x2705; Precio&hellip;<\/p>\n<p class=\"more-link\"><a href=\"https:\/\/neden.com.ar\/blog\/por-que-no-compran-en-tu-tienda-fisicamedis-este-dato\/\" class=\"themebutton2\">Leer m\u00e1s<\/a><\/p>\n","protected":false},"author":2,"featured_media":128,"comment_status":"open","ping_status":"open","sticky":false,"template":"","format":"standard","meta":{"footnotes":""},"categories":[26],"tags":[29,30,6,27,28],"class_list":["post-127","post","type-post","status-publish","format-standard","has-post-thumbnail","hentry","category-gestion","tag-analisis","tag-control","tag-gestion","tag-tiendas","tag-ventas"],"_links":{"self":[{"href":"https:\/\/neden.com.ar\/blog\/wp-json\/wp\/v2\/posts\/127","targetHints":{"allow":["GET"]}}],"collection":[{"href":"https:\/\/neden.com.ar\/blog\/wp-json\/wp\/v2\/posts"}],"about":[{"href":"https:\/\/neden.com.ar\/blog\/wp-json\/wp\/v2\/types\/post"}],"author":[{"embeddable":true,"href":"https:\/\/neden.com.ar\/blog\/wp-json\/wp\/v2\/users\/2"}],"replies":[{"embeddable":true,"href":"https:\/\/neden.com.ar\/blog\/wp-json\/wp\/v2\/comments?post=127"}],"version-history":[{"count":1,"href":"https:\/\/neden.com.ar\/blog\/wp-json\/wp\/v2\/posts\/127\/revisions"}],"predecessor-version":[{"id":129,"href":"https:\/\/neden.com.ar\/blog\/wp-json\/wp\/v2\/posts\/127\/revisions\/129"}],"wp:featuredmedia":[{"embeddable":true,"href":"https:\/\/neden.com.ar\/blog\/wp-json\/wp\/v2\/media\/128"}],"wp:attachment":[{"href":"https:\/\/neden.com.ar\/blog\/wp-json\/wp\/v2\/media?parent=127"}],"wp:term":[{"taxonomy":"category","embeddable":true,"href":"https:\/\/neden.com.ar\/blog\/wp-json\/wp\/v2\/categories?post=127"},{"taxonomy":"post_tag","embeddable":true,"href":"https:\/\/neden.com.ar\/blog\/wp-json\/wp\/v2\/tags?post=127"}],"curies":[{"name":"wp","href":"https:\/\/api.w.org\/{rel}","templated":true}]}}