{"id":84,"date":"2018-12-04T19:04:53","date_gmt":"2018-12-04T22:04:53","guid":{"rendered":"https:\/\/neden.com.ar\/blog\/?p=84"},"modified":"2018-12-04T20:38:48","modified_gmt":"2018-12-04T23:38:48","slug":"cual-es-el-eslabon-mas-debil-de-la-gestion-la-implementacion-del-sistema","status":"publish","type":"post","link":"https:\/\/neden.com.ar\/blog\/cual-es-el-eslabon-mas-debil-de-la-gestion-la-implementacion-del-sistema\/","title":{"rendered":"\u00bfCu\u00e1l es el eslab\u00f3n m\u00e1s d\u00e9bil de la gesti\u00f3n? \u00bfLa implementaci\u00f3n del sistema?"},"content":{"rendered":"<p><a href=\"https:\/\/neden.com.ar\/blog\/wp-content\/uploads\/2018\/12\/1.png\"><img loading=\"lazy\" decoding=\"async\" class=\"size-medium wp-image-87 alignleft\" src=\"https:\/\/neden.com.ar\/blog\/wp-content\/uploads\/2018\/12\/1-300x300.png\" alt=\"\" width=\"300\" height=\"300\" srcset=\"https:\/\/neden.com.ar\/blog\/wp-content\/uploads\/2018\/12\/1-300x300.png 300w, https:\/\/neden.com.ar\/blog\/wp-content\/uploads\/2018\/12\/1-150x150.png 150w, https:\/\/neden.com.ar\/blog\/wp-content\/uploads\/2018\/12\/1-768x768.png 768w, https:\/\/neden.com.ar\/blog\/wp-content\/uploads\/2018\/12\/1-1024x1024.png 1024w, https:\/\/neden.com.ar\/blog\/wp-content\/uploads\/2018\/12\/1.png 1080w\" sizes=\"auto, (max-width: 300px) 100vw, 300px\" \/><\/a><\/p>\n<p><strong>La gesti\u00f3n profesional<\/strong> sustentada en sistemas que brinden los circuitos administrativos y la informaci\u00f3n requerida en el momento oportuno para tomar las decisiones y que a su vez permita la gesti\u00f3n, para poner en pr\u00e1ctica esas decisiones de forma eficiente, es fundamental.<\/p>\n<p><strong>Los sistemas de gesti\u00f3n<\/strong> no son un fin en s\u00ed mismo son un medio una herramienta para lograr los objetivos, por lo tanto la inversi\u00f3n en un sistema de gesti\u00f3n debe ser determinada por cuanto resuelve las necesidades que plantea el plan de negocios de la empresa, como se integra, como permitir\u00e1 escalar en cada etapa, como las personas que lo implementar\u00e1n y el personal de la empresa entienden las necesidades, los objetivos y el mercado en el que compite la empresa.<\/p>\n<p><strong>En la implementaci\u00f3n<\/strong> de un sistema ERP y especialmente durante la capacitaci\u00f3n a los usuarios del sistema es muy importante tener presente que cada usuario tenga claro y definido adem\u00e1s de sus tareas y como realizarlas en el sistema como estas se relacionan con el circuito o proceso anterior y el circuito o proceso posterior, cuales son las especificaciones de entrada\u00a0<em>\u2013como y cuando le deben entregar la documentaci\u00f3n, informaci\u00f3n, comprobantes, informes, etc.-\u00a0<\/em>que tareas, procesos y generaci\u00f3n de informes deber realizar y en qu\u00e9 plazos y cuales con las especificaciones de salida\u00a0<em>\u2013como, cuando a quien debe entregar la documentaci\u00f3n, informaci\u00f3n, comprobantes, informes, avisos, etc.-<\/em><\/p>\n<p>Asimismo en las implementaciones y capacitaci\u00f3n a cada usuario debe quedar claramente establecido cuales son y c\u00f3mo se tratan las excepciones a los procesos establecidos.<\/p>\n<p>Puede ocurrir que por factores ajenos al proceso de implementaci\u00f3n o porque no ha sido contemplada alguna alternativa o porque el usuario que trabaja diariamente con una problem\u00e1tica puede aportar como simplificar o agilizar los procesos y generar valor al sistema ERP, para estos casos tambi\u00e9n debe quedar claramente establecido como y con quien se canalizan los pedidos de acciones correctivas de los procesos en el sistema o en la gesti\u00f3n administrativa para que\u00a0<a href=\"https:\/\/www.linkedin.com\/pulse\/los-consultores-que-tipo-de-bien-somos-diego-mendez\/\" target=\"_blank\" rel=\"noopener\">los consultores<\/a>\u00a0colaboremos en rectificar lo que corresponda.<\/p>\n<p><strong>El foco<\/strong> de la implementaci\u00f3n debe estar puesto en los objetivos del plan de negocios de la PyME y que el sistema ERP los procesos y las personas que operan el sistema est\u00e9n brindando la gesti\u00f3n e informaci\u00f3n para tomar las decisiones de negocios\u00a0necesarias para cumplir las metas definidas.<\/p>\n<blockquote><p>Entonces es hora de extender las capacidades de resoluci\u00f3n, integraci\u00f3n, colaboraci\u00f3n e informaci\u00f3n de tu PyME con las mejores soluciones ERP y la mejor implementaci\u00f3n posible<\/p><\/blockquote>\n<p>&nbsp;<\/p>\n<p>&nbsp;<\/p>\n","protected":false},"excerpt":{"rendered":"<p>La gesti\u00f3n profesional sustentada en sistemas que brinden los circuitos administrativos y la informaci\u00f3n requerida en el momento oportuno para tomar las decisiones y que a su vez permita la gesti\u00f3n, para poner en pr\u00e1ctica esas decisiones de forma eficiente, es fundamental. Los sistemas de gesti\u00f3n no son un fin en s\u00ed mismo son un&hellip;<\/p>\n<p class=\"more-link\"><a href=\"https:\/\/neden.com.ar\/blog\/cual-es-el-eslabon-mas-debil-de-la-gestion-la-implementacion-del-sistema\/\" class=\"themebutton2\">Leer m\u00e1s<\/a><\/p>\n","protected":false},"author":2,"featured_media":85,"comment_status":"open","ping_status":"open","sticky":false,"template":"","format":"standard","meta":{"footnotes":""},"categories":[4],"tags":[8,11,5,6,7,12,10,9],"class_list":["post-84","post","type-post","status-publish","format-standard","has-post-thumbnail","hentry","category-notas","tag-administracion","tag-consultoria","tag-erp","tag-gestion","tag-implementacion","tag-procesos","tag-pyme","tag-sistemas"],"_links":{"self":[{"href":"https:\/\/neden.com.ar\/blog\/wp-json\/wp\/v2\/posts\/84","targetHints":{"allow":["GET"]}}],"collection":[{"href":"https:\/\/neden.com.ar\/blog\/wp-json\/wp\/v2\/posts"}],"about":[{"href":"https:\/\/neden.com.ar\/blog\/wp-json\/wp\/v2\/types\/post"}],"author":[{"embeddable":true,"href":"https:\/\/neden.com.ar\/blog\/wp-json\/wp\/v2\/users\/2"}],"replies":[{"embeddable":true,"href":"https:\/\/neden.com.ar\/blog\/wp-json\/wp\/v2\/comments?post=84"}],"version-history":[{"count":2,"href":"https:\/\/neden.com.ar\/blog\/wp-json\/wp\/v2\/posts\/84\/revisions"}],"predecessor-version":[{"id":88,"href":"https:\/\/neden.com.ar\/blog\/wp-json\/wp\/v2\/posts\/84\/revisions\/88"}],"wp:featuredmedia":[{"embeddable":true,"href":"https:\/\/neden.com.ar\/blog\/wp-json\/wp\/v2\/media\/85"}],"wp:attachment":[{"href":"https:\/\/neden.com.ar\/blog\/wp-json\/wp\/v2\/media?parent=84"}],"wp:term":[{"taxonomy":"category","embeddable":true,"href":"https:\/\/neden.com.ar\/blog\/wp-json\/wp\/v2\/categories?post=84"},{"taxonomy":"post_tag","embeddable":true,"href":"https:\/\/neden.com.ar\/blog\/wp-json\/wp\/v2\/tags?post=84"}],"curies":[{"name":"wp","href":"https:\/\/api.w.org\/{rel}","templated":true}]}}